{"id":956,"date":"2025-04-29T10:23:22","date_gmt":"2025-04-29T08:23:22","guid":{"rendered":"https:\/\/unter-weissen-fluegeln.de\/?p=956"},"modified":"2025-06-21T13:18:46","modified_gmt":"2025-06-21T11:18:46","slug":"die-mariae-entschlafens-kirche-in-sarja","status":"publish","type":"post","link":"https:\/\/unter-weissen-fluegeln.de\/?p=956","title":{"rendered":"Die Mari\u00e4-Entschlafens-Kirche in Sarja"},"content":{"rendered":"<div class=\"wp-block-image\">\n<figure class=\"aligncenter size-full\"><img loading=\"lazy\" decoding=\"async\" width=\"573\" height=\"570\" src=\"https:\/\/unter-weissen-fluegeln.de\/wp-content\/uploads\/2021\/11\/H_06_2017_6_06_uwf.jpg\" alt=\"\" class=\"wp-image-957\" srcset=\"https:\/\/unter-weissen-fluegeln.de\/wp-content\/uploads\/2021\/11\/H_06_2017_6_06_uwf.jpg 573w, https:\/\/unter-weissen-fluegeln.de\/wp-content\/uploads\/2021\/11\/H_06_2017_6_06_uwf-300x298.jpg 300w, https:\/\/unter-weissen-fluegeln.de\/wp-content\/uploads\/2021\/11\/H_06_2017_6_06_uwf-150x150.jpg 150w\" sizes=\"auto, (max-width: 573px) 100vw, 573px\" \/><figcaption class=\"wp-element-caption\"> <\/figcaption><\/figure>\n<\/div>\n\n\n<p>Die Kirche ist eine einschiffige, neugotische Basilika mit rechteckigem Grundriss, einer f\u00fcnfseitigen Apsis und zwei kleinen Sakristeien. Die Komposition der Hauptfassade ist dreiteilig gestuft. Den zentralen Teil bildet das Portal, das, flankiert von f\u00fcnfeckigen Strebepfeilern mit Fialen, mit einem Ziergiebel mit Rosette bekr\u00f6nt wird.<\/p>\n\n\n<div class=\"wp-block-image\">\n<figure class=\"aligncenter size-full\"><img loading=\"lazy\" decoding=\"async\" width=\"570\" height=\"571\" src=\"https:\/\/unter-weissen-fluegeln.de\/wp-content\/uploads\/2021\/11\/H_06_2017_07_02_uwf-1.jpg\" alt=\"\" class=\"wp-image-961\" srcset=\"https:\/\/unter-weissen-fluegeln.de\/wp-content\/uploads\/2021\/11\/H_06_2017_07_02_uwf-1.jpg 570w, https:\/\/unter-weissen-fluegeln.de\/wp-content\/uploads\/2021\/11\/H_06_2017_07_02_uwf-1-300x300.jpg 300w, https:\/\/unter-weissen-fluegeln.de\/wp-content\/uploads\/2021\/11\/H_06_2017_07_02_uwf-1-150x150.jpg 150w\" sizes=\"auto, (max-width: 570px) 100vw, 570px\" \/><figcaption class=\"wp-element-caption\"> <\/figcaption><\/figure>\n<\/div>\n\n<div class=\"wp-block-image\">\n<figure class=\"aligncenter size-full\"><img loading=\"lazy\" decoding=\"async\" width=\"570\" height=\"570\" src=\"https:\/\/unter-weissen-fluegeln.de\/wp-content\/uploads\/2021\/11\/H_06_2017_4_12_uwf-1.jpg\" alt=\"\" class=\"wp-image-963\" srcset=\"https:\/\/unter-weissen-fluegeln.de\/wp-content\/uploads\/2021\/11\/H_06_2017_4_12_uwf-1.jpg 570w, https:\/\/unter-weissen-fluegeln.de\/wp-content\/uploads\/2021\/11\/H_06_2017_4_12_uwf-1-300x300.jpg 300w, https:\/\/unter-weissen-fluegeln.de\/wp-content\/uploads\/2021\/11\/H_06_2017_4_12_uwf-1-150x150.jpg 150w\" sizes=\"auto, (max-width: 570px) 100vw, 570px\" \/><figcaption class=\"wp-element-caption\"> <\/figcaption><\/figure>\n<\/div>\n\n\n<p>Die Au\u00dfenw\u00e4nde des Kirchenschiffs erhalten ihre ausgepr\u00e4gte Plastizit\u00e4t durch die gestuften, mit Architraven verzierten Fenster\u00f6ffnungen und eine durchgehende Arkade. Im Innern \u00fcberdacht ein Kreuzgew\u00f6lbe das Kirchenschiff. Die Empore mit einer bogenf\u00f6rmigen Balustrade wird von zwei S\u00e4ulen getragen.<\/p>\n\n\n<div class=\"wp-block-image\">\n<figure class=\"aligncenter size-full\"><img loading=\"lazy\" decoding=\"async\" width=\"570\" height=\"572\" src=\"https:\/\/unter-weissen-fluegeln.de\/wp-content\/uploads\/2021\/11\/H_06_2017_07_03_uwf.jpg\" alt=\"\" class=\"wp-image-965\" srcset=\"https:\/\/unter-weissen-fluegeln.de\/wp-content\/uploads\/2021\/11\/H_06_2017_07_03_uwf.jpg 570w, https:\/\/unter-weissen-fluegeln.de\/wp-content\/uploads\/2021\/11\/H_06_2017_07_03_uwf-300x300.jpg 300w, https:\/\/unter-weissen-fluegeln.de\/wp-content\/uploads\/2021\/11\/H_06_2017_07_03_uwf-150x150.jpg 150w\" sizes=\"auto, (max-width: 570px) 100vw, 570px\" \/><figcaption class=\"wp-element-caption\"> <\/figcaption><\/figure>\n<\/div>\n\n\n<p>Zum Gedenken an seine mit nur 30 Jahren verstorbene Ehefrau Maria Lopatinskaja (geb. Szumska), 1821-1851) beauftragte der Adlige und Gutsbesitzer Ignati Dominik Lopatinski (1822-1882) den preu\u00dfischen Architekten Friedrich Gustav von Schacht (1820-1886) mit dem Entwurf einer Kirche . Der Architekt sah sich mit der Herausforderung konfrontiert, dass der Bau sowohl die Sch\u00f6nheit von Lopatinskis Gattin symbolisieren sollte als auch die Tiefe der Gef\u00fchle des Witwers f\u00fcr sie. F\u00fcnf Jahre nach Baubeginn wurde die Kirche 1857 vollendet.<\/p>\n\n\n\n<p>Als mit der dritten polnischen Teilung (1795) die Existenz der polnisch-litauischen Adelsrepublik endete, fiel der gr\u00f6\u00dfte Teil Wei\u00dfrusslands an das Russische Reich, und in den folgenden Jahrzehnten setzte eine sich immer mehr verst\u00e4rkende Russifizierungspolitik ein. 1839 l\u00f6ste Zar Nikolaus I. die Unierte Kirche auf (die in ostkirchlicher Tradition stand, deren Mitglieder aber r\u00f6misch-katholischen Bekenntnisses waren). Die Gl\u00e4ubigen, der Gro\u00dfteil der wei\u00dfrussischen Bauern, wurden in die Russisch-Orthodoxe Kirche eingegliedert. Der misslungene Aufstand von 1863 gegen diese und weitere Russifizierungsma\u00dfnahmen f\u00fchrte zu deren nochmaliger Intensivierung, und in diesem Lichte ist auch die 1865 erfolgte \u00dcbereignung der Kirche von Sarja an die Russisch-Orthodoxe Kirche zu verstehen.<\/p>\n\n\n<div class=\"wp-block-image\">\n<figure class=\"aligncenter size-full\"><img loading=\"lazy\" decoding=\"async\" width=\"570\" height=\"571\" src=\"https:\/\/unter-weissen-fluegeln.de\/wp-content\/uploads\/2021\/11\/H_06_2017_07_05_uwf.jpg\" alt=\"\" class=\"wp-image-966\" srcset=\"https:\/\/unter-weissen-fluegeln.de\/wp-content\/uploads\/2021\/11\/H_06_2017_07_05_uwf.jpg 570w, https:\/\/unter-weissen-fluegeln.de\/wp-content\/uploads\/2021\/11\/H_06_2017_07_05_uwf-300x300.jpg 300w, https:\/\/unter-weissen-fluegeln.de\/wp-content\/uploads\/2021\/11\/H_06_2017_07_05_uwf-150x150.jpg 150w\" sizes=\"auto, (max-width: 570px) 100vw, 570px\" \/><figcaption class=\"wp-element-caption\"> <\/figcaption><\/figure>\n<\/div>\n\n\n<p>1935 wurde das Gotteshaus geschlossen. Nach dem Zweiten Weltkrieg fand es als Lager und sp\u00e4ter als Tanzsaal und Klubhaus Verwendung, bevor es Ende der 1980-er Jahre teilweise restauriert und der katholischen Kirche zur\u00fcckgegeben wurde. Bereits im Folgejahr wurde die Basilika der russisch-orthodoxen Mari\u00e4-Himmelfahrts-Gemeinde \u00fcbereignet.<\/p>\n\n\n\n<p>Noch 2009 war das Geb\u00e4ude in schlechtem Zustand. Einer der T\u00fcrme war zerst\u00f6rt, Teile der Seitenw\u00e4nde befanden sich im Zustand fortgesetzten Verfalls. Inzwischen ist die Kirche vollst\u00e4ndig restauriert und kann als eines der sch\u00f6nsten und beeindruckendsten neugotischen Bauwerke in Belarus bestaunt werden.<\/p>\n","protected":false},"excerpt":{"rendered":"<p>Die Kirche ist eine einschiffige, neugotische Basilika mit rechteckigem Grundriss, einer f\u00fcnfseitigen Apsis und zwei kleinen Sakristeien. Die Komposition der Hauptfassade ist dreiteilig gestuft. Den zentralen Teil bildet das Portal, das, flankiert von f\u00fcnfeckigen Strebepfeilern mit Fialen, mit einem Ziergiebel mit Rosette bekr\u00f6nt wird. Die Au\u00dfenw\u00e4nde des Kirchenschiffs erhalten ihre ausgepr\u00e4gte Plastizit\u00e4t durch die gestuften, &hellip;<\/p>\n","protected":false},"author":1,"featured_media":0,"comment_status":"closed","ping_status":"open","sticky":false,"template":"","format":"standard","meta":{"footnotes":""},"categories":[3],"tags":[],"class_list":["post-956","post","type-post","status-publish","format-standard","hentry","category-sehenswuerdigkeiten"],"_links":{"self":[{"href":"https:\/\/unter-weissen-fluegeln.de\/index.php?rest_route=\/wp\/v2\/posts\/956","targetHints":{"allow":["GET"]}}],"collection":[{"href":"https:\/\/unter-weissen-fluegeln.de\/index.php?rest_route=\/wp\/v2\/posts"}],"about":[{"href":"https:\/\/unter-weissen-fluegeln.de\/index.php?rest_route=\/wp\/v2\/types\/post"}],"author":[{"embeddable":true,"href":"https:\/\/unter-weissen-fluegeln.de\/index.php?rest_route=\/wp\/v2\/users\/1"}],"replies":[{"embeddable":true,"href":"https:\/\/unter-weissen-fluegeln.de\/index.php?rest_route=%2Fwp%2Fv2%2Fcomments&post=956"}],"version-history":[{"count":10,"href":"https:\/\/unter-weissen-fluegeln.de\/index.php?rest_route=\/wp\/v2\/posts\/956\/revisions"}],"predecessor-version":[{"id":1492,"href":"https:\/\/unter-weissen-fluegeln.de\/index.php?rest_route=\/wp\/v2\/posts\/956\/revisions\/1492"}],"wp:attachment":[{"href":"https:\/\/unter-weissen-fluegeln.de\/index.php?rest_route=%2Fwp%2Fv2%2Fmedia&parent=956"}],"wp:term":[{"taxonomy":"category","embeddable":true,"href":"https:\/\/unter-weissen-fluegeln.de\/index.php?rest_route=%2Fwp%2Fv2%2Fcategories&post=956"},{"taxonomy":"post_tag","embeddable":true,"href":"https:\/\/unter-weissen-fluegeln.de\/index.php?rest_route=%2Fwp%2Fv2%2Ftags&post=956"}],"curies":[{"name":"wp","href":"https:\/\/api.w.org\/{rel}","templated":true}]}}