{"id":230,"date":"2019-06-08T20:39:05","date_gmt":"2019-06-08T18:39:05","guid":{"rendered":"http:\/\/unter-weissen-fluegeln.de\/?p=230"},"modified":"2019-11-22T22:07:43","modified_gmt":"2019-11-22T21:07:43","slug":"das-gymnasium-in-sluzk","status":"publish","type":"post","link":"https:\/\/unter-weissen-fluegeln.de\/?p=230","title":{"rendered":"Das Gymnasium in Sluzk"},"content":{"rendered":"<p>Das Gymnasium in Sluzk ist das \u00e4lteste in Wei\u00dfrussland. Es wurde 1617 von F\u00fcrst Janusz Radzivill (1579-1620) gegr\u00fcndet.<\/p>\n<p><img loading=\"lazy\" decoding=\"async\" class=\"aligncenter size-full wp-image-232\" src=\"https:\/\/unter-weissen-fluegeln.de\/wp-content\/uploads\/2019\/06\/DSC0148_gr.jpg\" alt=\"\" width=\"840\" height=\"550\" srcset=\"https:\/\/unter-weissen-fluegeln.de\/wp-content\/uploads\/2019\/06\/DSC0148_gr.jpg 840w, https:\/\/unter-weissen-fluegeln.de\/wp-content\/uploads\/2019\/06\/DSC0148_gr-300x196.jpg 300w, https:\/\/unter-weissen-fluegeln.de\/wp-content\/uploads\/2019\/06\/DSC0148_gr-768x503.jpg 768w\" sizes=\"auto, (max-width: 840px) 100vw, 840px\" \/><\/p>\n<p>Zeittafel zur Geschichte dieser bedeutenden Schule:<\/p>\n<p>20. Mai 1617: Janusz IV. Radzivill unterzeichnet eine Urkunde, in der der Bau einer calvinistischen Kirche und einer angeschlossenen Schule festgelegt wird.<\/p>\n<p>1624: Auf Befehl Chrisztof Radzivills (1585-1640) Umwandlung der Schule in ein Gymnasium.<\/p>\n<p>6. November 1630: Beginn des Lehrbetriebs im neuen, aus Holz erbauten Schulgeb\u00e4ude. Die ersten Sch\u00fcler rekrutieren sich aus dem niederen Adel (Szlachta), der protestantischen Geistlichkeit und dem verm\u00f6genden B\u00fcrgertum.<\/p>\n<p>1775-1778: Das calvinistische Gymnasium wird in eine \u00f6ffentliche protestantische Bezirksschule umgewandelt. Das Schulprogramm sieht keine mittlere Schulausbildung vor.<\/p>\n<p>1824: Die Bezirksschule erh\u00e4lt wieder den Status eines Gymnasiums.<\/p>\n<p>1829-1840: Bau eines neuen, steinernen Schulhauses (Architekt: Karol Podczaszy\u0144ski, 1790-1860) im Stil des Klassizismus.<\/p>\n<p>1840-1856: Allm\u00e4hlicher \u00dcbergang vom Polnischen zum Russischen als Unterrichtssprache. Nach dem von adligen Schichten aus Kongresspolen und den litauisch-wei\u00dfrussischen Gouvernements des Russischen Reiches angef\u00fchrten, erfolglosen Januaraufstand von 1863 wird Russsich endg\u00fcltig zur alleinigen Unterrichtssprache.<\/p>\n<p>1868: Die Schule wird, mit Unterst\u00fctzung Zar Alexanders II., in ein weltliches Jungengymnasium umgewandelt.<\/p>\n<p>1912-1918: Auch M\u00e4dchen erhalten die M\u00f6glichkeit, eine Gymnasialbildung zu erhalten, um sp\u00e4ter vorwiegend als Hauslehrerinnen t\u00e4tig werden zu k\u00f6nnen oder eine weiterf\u00fchrende Bildung zu erhalten.In zwei Geb\u00e4uden, einem Ziegelbau und einem Holzhaus, werden zeitweilig bis zu 300 M\u00e4dchen unterrichtet.<\/p>\n<p>1915-1916: Evakuierung des Gymnasiums w\u00e4hrend des 1. Weltkriegs vom frontnahen Sluzk nach Pensa.<\/p>\n<p>1922-1927: Nach Umwandlung des Gymnasiums in die St\u00e4dtische Schule Nr. 1 wird dort eine sieben Jahre umfassende Schulausbildung durchgef\u00fchrt.<\/p>\n<p>1941-1944: Einstellung des Unterrichtsbetriebs; das Schulgeb\u00e4ude wird w\u00e4hrend des 2. Weltkriegs fast v\u00f6llig zerst\u00f6rt.<\/p>\n<p>1. September 1944: Einen Monat nach der Befreiung der Stadt durch die Rote Armee wird in unweit des fr\u00fcheren Gymnasiusms gelegenen, erhaltenen Holzh\u00e4usern eine Grundschule er\u00f6ffnet.<\/p>\n<p>1. September 1949: Als Mittelschule Nr. 1 nimmt das fr\u00fchere Gymnasium den Lehrbetrieb wieder auf. Die russische Sprache ersetzt als Unterrichtssprache das Wei\u00dfrussische.<\/p>\n<p>1. September 1989: Die Schule erh\u00e4lt den Status eines St\u00e4dtischen Gymnasiums mit englischsprachigem Zweig.<\/p>\n<p>2003: Attestierung und Best\u00e4tigung des Status eines Gymnasiusms.<\/p>\n<p><img loading=\"lazy\" decoding=\"async\" class=\"aligncenter size-full wp-image-233\" src=\"https:\/\/unter-weissen-fluegeln.de\/wp-content\/uploads\/2019\/06\/DSC0144_gr.jpg\" alt=\"\" width=\"828\" height=\"550\" srcset=\"https:\/\/unter-weissen-fluegeln.de\/wp-content\/uploads\/2019\/06\/DSC0144_gr.jpg 828w, https:\/\/unter-weissen-fluegeln.de\/wp-content\/uploads\/2019\/06\/DSC0144_gr-300x199.jpg 300w, https:\/\/unter-weissen-fluegeln.de\/wp-content\/uploads\/2019\/06\/DSC0144_gr-768x510.jpg 768w\" sizes=\"auto, (max-width: 828px) 100vw, 828px\" \/><\/p>\n<p>Unmittelbar neben dem Gymnasium befindet sich ein Denkmal f\u00fcr die Opfer des 2. Weltkriegs, das die Sch\u00fclerinnen und Sch\u00fcler des Gymnasiums pflegen.<\/p>\n","protected":false},"excerpt":{"rendered":"<p>Das Gymnasium in Sluzk ist das \u00e4lteste in Wei\u00dfrussland. Es wurde 1617 von F\u00fcrst Janusz Radzivill (1579-1620) gegr\u00fcndet. Zeittafel zur Geschichte dieser bedeutenden Schule: 20. Mai 1617: Janusz IV. Radzivill unterzeichnet eine Urkunde, in der der Bau einer calvinistischen Kirche und einer angeschlossenen Schule festgelegt wird. 1624: Auf Befehl Chrisztof Radzivills (1585-1640) Umwandlung der Schule &hellip;<\/p>\n","protected":false},"author":1,"featured_media":0,"comment_status":"closed","ping_status":"closed","sticky":false,"template":"","format":"standard","meta":{"footnotes":""},"categories":[3],"tags":[],"class_list":["post-230","post","type-post","status-publish","format-standard","hentry","category-sehenswuerdigkeiten"],"_links":{"self":[{"href":"https:\/\/unter-weissen-fluegeln.de\/index.php?rest_route=\/wp\/v2\/posts\/230","targetHints":{"allow":["GET"]}}],"collection":[{"href":"https:\/\/unter-weissen-fluegeln.de\/index.php?rest_route=\/wp\/v2\/posts"}],"about":[{"href":"https:\/\/unter-weissen-fluegeln.de\/index.php?rest_route=\/wp\/v2\/types\/post"}],"author":[{"embeddable":true,"href":"https:\/\/unter-weissen-fluegeln.de\/index.php?rest_route=\/wp\/v2\/users\/1"}],"replies":[{"embeddable":true,"href":"https:\/\/unter-weissen-fluegeln.de\/index.php?rest_route=%2Fwp%2Fv2%2Fcomments&post=230"}],"version-history":[{"count":2,"href":"https:\/\/unter-weissen-fluegeln.de\/index.php?rest_route=\/wp\/v2\/posts\/230\/revisions"}],"predecessor-version":[{"id":234,"href":"https:\/\/unter-weissen-fluegeln.de\/index.php?rest_route=\/wp\/v2\/posts\/230\/revisions\/234"}],"wp:attachment":[{"href":"https:\/\/unter-weissen-fluegeln.de\/index.php?rest_route=%2Fwp%2Fv2%2Fmedia&parent=230"}],"wp:term":[{"taxonomy":"category","embeddable":true,"href":"https:\/\/unter-weissen-fluegeln.de\/index.php?rest_route=%2Fwp%2Fv2%2Fcategories&post=230"},{"taxonomy":"post_tag","embeddable":true,"href":"https:\/\/unter-weissen-fluegeln.de\/index.php?rest_route=%2Fwp%2Fv2%2Ftags&post=230"}],"curies":[{"name":"wp","href":"https:\/\/api.w.org\/{rel}","templated":true}]}}