{"id":180,"date":"2019-06-01T14:24:47","date_gmt":"2019-06-01T12:24:47","guid":{"rendered":"http:\/\/unter-weissen-fluegeln.de\/?p=180"},"modified":"2019-09-10T23:21:36","modified_gmt":"2019-09-10T21:21:36","slug":"weissrusslands-nationalflagge","status":"publish","type":"post","link":"https:\/\/unter-weissen-fluegeln.de\/?p=180","title":{"rendered":"Wei\u00dfrusslands Nationalflagge"},"content":{"rendered":"<p><img loading=\"lazy\" decoding=\"async\" class=\"aligncenter size-full wp-image-181\" src=\"https:\/\/unter-weissen-fluegeln.de\/wp-content\/uploads\/2019\/06\/nlfl_gr.jpg\" alt=\"\" width=\"824\" height=\"550\" srcset=\"https:\/\/unter-weissen-fluegeln.de\/wp-content\/uploads\/2019\/06\/nlfl_gr.jpg 824w, https:\/\/unter-weissen-fluegeln.de\/wp-content\/uploads\/2019\/06\/nlfl_gr-300x200.jpg 300w, https:\/\/unter-weissen-fluegeln.de\/wp-content\/uploads\/2019\/06\/nlfl_gr-768x513.jpg 768w\" sizes=\"auto, (max-width: 824px) 100vw, 824px\" \/><\/p>\n<p>Das Aussehen der wei\u00dfrussischen Nationalfahne wurde am 7. Juni 1995 verabschiedet. Bis zu diesem Zeitpunkt hatten vier Jahre lang die wei\u00df-rot-wei\u00dfen Landesfarben Bestand, die bereits zwischen 1919 und 1925 von der wei\u00dfrussischen Exilregierung verwendet worden waren.<\/p>\n<p>Die gegenw\u00e4rtig g\u00fcltige Nationalflagge zeigt indessen st\u00e4rkere Ankl\u00e4nge an die Symbolik der Sowjetunion, es fehlen nur Hammer und Sichel. Das Muster am Rand macht ein Neuntel der Fahnenl\u00e4nge aus und stellt ein traditionelles wei\u00dfrussisches Ornament dar. Zwei Drittel der Flaggenh\u00f6he werden von der Farbe Rot eingenommen; sie soll das bei der Verteidigung der Heimat vergossene Blut symbolisieren. Die gr\u00fcne Fl\u00e4che schlie\u00dflich versinnbildlicht Wei\u00dfrusslands Waldreichtum.<\/p>\n","protected":false},"excerpt":{"rendered":"<p>Das Aussehen der wei\u00dfrussischen Nationalfahne wurde am 7. Juni 1995 verabschiedet. Bis zu diesem Zeitpunkt hatten vier Jahre lang die wei\u00df-rot-wei\u00dfen Landesfarben Bestand, die bereits zwischen 1919 und 1925 von der wei\u00dfrussischen Exilregierung verwendet worden waren. Die gegenw\u00e4rtig g\u00fcltige Nationalflagge zeigt indessen st\u00e4rkere Ankl\u00e4nge an die Symbolik der Sowjetunion, es fehlen nur Hammer und Sichel. &hellip;<\/p>\n","protected":false},"author":1,"featured_media":0,"comment_status":"closed","ping_status":"closed","sticky":false,"template":"","format":"standard","meta":{"footnotes":""},"categories":[1],"tags":[],"class_list":["post-180","post","type-post","status-publish","format-standard","hentry","category-uncategorized"],"_links":{"self":[{"href":"https:\/\/unter-weissen-fluegeln.de\/index.php?rest_route=\/wp\/v2\/posts\/180","targetHints":{"allow":["GET"]}}],"collection":[{"href":"https:\/\/unter-weissen-fluegeln.de\/index.php?rest_route=\/wp\/v2\/posts"}],"about":[{"href":"https:\/\/unter-weissen-fluegeln.de\/index.php?rest_route=\/wp\/v2\/types\/post"}],"author":[{"embeddable":true,"href":"https:\/\/unter-weissen-fluegeln.de\/index.php?rest_route=\/wp\/v2\/users\/1"}],"replies":[{"embeddable":true,"href":"https:\/\/unter-weissen-fluegeln.de\/index.php?rest_route=%2Fwp%2Fv2%2Fcomments&post=180"}],"version-history":[{"count":1,"href":"https:\/\/unter-weissen-fluegeln.de\/index.php?rest_route=\/wp\/v2\/posts\/180\/revisions"}],"predecessor-version":[{"id":182,"href":"https:\/\/unter-weissen-fluegeln.de\/index.php?rest_route=\/wp\/v2\/posts\/180\/revisions\/182"}],"wp:attachment":[{"href":"https:\/\/unter-weissen-fluegeln.de\/index.php?rest_route=%2Fwp%2Fv2%2Fmedia&parent=180"}],"wp:term":[{"taxonomy":"category","embeddable":true,"href":"https:\/\/unter-weissen-fluegeln.de\/index.php?rest_route=%2Fwp%2Fv2%2Fcategories&post=180"},{"taxonomy":"post_tag","embeddable":true,"href":"https:\/\/unter-weissen-fluegeln.de\/index.php?rest_route=%2Fwp%2Fv2%2Ftags&post=180"}],"curies":[{"name":"wp","href":"https:\/\/api.w.org\/{rel}","templated":true}]}}