{"id":130,"date":"2019-05-30T14:07:44","date_gmt":"2019-05-30T12:07:44","guid":{"rendered":"http:\/\/unter-weissen-fluegeln.de\/?p=130"},"modified":"2020-02-24T10:13:08","modified_gmt":"2020-02-24T09:13:08","slug":"die-mariae-verkuendigungs-kirche-in-adamowitschi","status":"publish","type":"post","link":"https:\/\/unter-weissen-fluegeln.de\/?p=130","title":{"rendered":"Die Mari\u00e4-Verk\u00fcndigungs-Kirche in Adamowitschi"},"content":{"rendered":"<p><img loading=\"lazy\" decoding=\"async\" class=\"aligncenter size-full wp-image-44\" src=\"https:\/\/unter-weissen-fluegeln.de\/wp-content\/uploads\/2019\/05\/07_Kirche_Adamowitschi_gr.jpg\" alt=\"\" width=\"570\" height=\"858\" srcset=\"https:\/\/unter-weissen-fluegeln.de\/wp-content\/uploads\/2019\/05\/07_Kirche_Adamowitschi_gr.jpg 570w, https:\/\/unter-weissen-fluegeln.de\/wp-content\/uploads\/2019\/05\/07_Kirche_Adamowitschi_gr-199x300.jpg 199w\" sizes=\"auto, (max-width: 570px) 100vw, 570px\" \/><\/p>\n<p><img loading=\"lazy\" decoding=\"async\" class=\"aligncenter size-full wp-image-536\" src=\"https:\/\/unter-weissen-fluegeln.de\/wp-content\/uploads\/2019\/05\/Adamovitschi_mi.jpg\" alt=\"\" width=\"471\" height=\"700\" srcset=\"https:\/\/unter-weissen-fluegeln.de\/wp-content\/uploads\/2019\/05\/Adamovitschi_mi.jpg 471w, https:\/\/unter-weissen-fluegeln.de\/wp-content\/uploads\/2019\/05\/Adamovitschi_mi-202x300.jpg 202w\" sizes=\"auto, (max-width: 471px) 100vw, 471px\" \/><\/p>\n<p>Die Mari\u00e4-Verk\u00fcndigungskirche in Adamowitschi (1854), einem nur wenige Kilometer von der Grenze zu Polen entfernten D\u00f6rfchen, ist schon von weitem zu sehen und leicht zu finden. Es ist Samstag Mittag. Im blauen Himmel singt eine Lerche, irgendwo im Dorf kr\u00e4ht ein Hahn, die B\u00e4ume hinter der Kirche veranstalten Schattenspiele auf dem idyllischen Friedhof.<\/p>\n<p><img loading=\"lazy\" decoding=\"async\" class=\"aligncenter size-full wp-image-131\" src=\"https:\/\/unter-weissen-fluegeln.de\/wp-content\/uploads\/2019\/05\/Friedhof_Adam_gro-1-1.jpg\" alt=\"\" width=\"827\" height=\"550\" srcset=\"https:\/\/unter-weissen-fluegeln.de\/wp-content\/uploads\/2019\/05\/Friedhof_Adam_gro-1-1.jpg 827w, https:\/\/unter-weissen-fluegeln.de\/wp-content\/uploads\/2019\/05\/Friedhof_Adam_gro-1-1-300x200.jpg 300w, https:\/\/unter-weissen-fluegeln.de\/wp-content\/uploads\/2019\/05\/Friedhof_Adam_gro-1-1-768x511.jpg 768w\" sizes=\"auto, (max-width: 827px) 100vw, 827px\" \/><\/p>\n<p>An der Stra\u00dfe zwischen Friedhof und Kirche tuckert auf seinem Traktor ein Bauer vorbei. Er empfiehlt, die im ehemaligem Bauernh\u00e4uschen neben der Kirche lebenden Nonnen zu bitten, die Kirche aufzuschlie\u00dfen. Das Haus liegt inmitten eines liebevoll gestalteten &#8222;Kloster&#8220;-Gartens, aus dessen Zentrum eine buntbemalte Marienfigur aus Gips die Gegend segnet.<\/p>\n<p>Hinter dem Haus sitzt eine kleine Festgesellschaft beisammen \u2013 es ist Hochzeit. So nennt man es hier offenbar wirklich, wenn eine Novizin die ewigen Gel\u00fcbde ablegt und so Braut Christi wird. Einen Kranz aus wei\u00dfen Rosen auf dem schwarzen Schleier, sitzt sie mit entr\u00fccktem L\u00e4cheln unter ihrer Verwandten.<\/p>\n<p><img loading=\"lazy\" decoding=\"async\" class=\"aligncenter size-full wp-image-45\" src=\"https:\/\/unter-weissen-fluegeln.de\/wp-content\/uploads\/2019\/05\/Kirche_Adamow_gross.jpg\" alt=\"\" width=\"465\" height=\"700\" srcset=\"https:\/\/unter-weissen-fluegeln.de\/wp-content\/uploads\/2019\/05\/Kirche_Adamow_gross.jpg 465w, https:\/\/unter-weissen-fluegeln.de\/wp-content\/uploads\/2019\/05\/Kirche_Adamow_gross-199x300.jpg 199w\" sizes=\"auto, (max-width: 465px) 100vw, 465px\" \/><\/p>\n<p>Mit einem altert\u00fcmlichen eisernen Schl\u00fcssel \u00f6ffnet die Oberin, begleitet von einer weiteren Schwester, das Seitenportal der Kirche. Es ist ein viereckiger, sp\u00e4tklassizistischer Bau mit Spitzdach und quadratischem Glockenturm. \u00dcber dem Hauptportal finder sich eine Statue der heiligen Thekla, die im ersten nachchristlichen Jahrundert lebte und der die Kirche nach ihrer Vollendung im Jahr 1854 zun\u00e4chst geweiht wurde.<\/p>\n<p>Der Innenraum ist ebenfalls im Stil des Sp\u00e4tklassizismus gestaltet. Die W\u00e4nde sind wei\u00df verputzt, Pilaster und verzierte Fensterb\u00f6gen gliedern sie. Allerheiligstes und Chor sind durch eine Zwischenwand vom Kirchenschiff abgetrennt. Die beiden Ordensfrauen haben sich in einer der h\u00f6lzernen Kirchenb\u00e4nke niedergelassen und schauen schweigend zum Hauptaltar und zu den rechts und links vor dem Chor stehenden beiden Seitenalt\u00e4ren.<\/p>\n<p>Es ist ein Gl\u00fccksfall, wenn es gelingt, Zugang zu einer der vielen Dorfkirchen zu erhalten. In aller Regel sind sie verschlossen. Allzuviel ist zerst\u00f6rt und gestohlen worden, als die Kirchent\u00fcren tags\u00fcber f\u00fcr die Gl\u00e4ubigen noch ge\u00f6ffnet waren. Weil die Kirchlein von der Pfarrei im n\u00e4chsten gr\u00f6\u00dferen Ort betreut werden, hilft oft nur die Nachfrage nach einem Diakon in der Nachbarschaft. F\u00fcr die einzige Sonntagsmesse kommt ein Priester aus der Stadt; danach wird die Kirchent\u00fcr wieder verriegelt.<\/p>\n<p><img loading=\"lazy\" decoding=\"async\" class=\"aligncenter wp-image-132\" src=\"https:\/\/unter-weissen-fluegeln.de\/wp-content\/uploads\/2019\/05\/Adamowitschi_gr.jpg\" alt=\"\" width=\"780\" height=\"550\" srcset=\"https:\/\/unter-weissen-fluegeln.de\/wp-content\/uploads\/2019\/05\/Adamowitschi_gr.jpg 1000w, https:\/\/unter-weissen-fluegeln.de\/wp-content\/uploads\/2019\/05\/Adamowitschi_gr-300x212.jpg 300w, https:\/\/unter-weissen-fluegeln.de\/wp-content\/uploads\/2019\/05\/Adamowitschi_gr-768x541.jpg 768w\" sizes=\"auto, (max-width: 780px) 100vw, 780px\" \/><\/p>\n","protected":false},"excerpt":{"rendered":"<p>Die Mari\u00e4-Verk\u00fcndigungskirche in Adamowitschi (1854), einem nur wenige Kilometer von der Grenze zu Polen entfernten D\u00f6rfchen, ist schon von weitem zu sehen und leicht zu finden. Es ist Samstag Mittag. Im blauen Himmel singt eine Lerche, irgendwo im Dorf kr\u00e4ht ein Hahn, die B\u00e4ume hinter der Kirche veranstalten Schattenspiele auf dem idyllischen Friedhof. An der &hellip;<\/p>\n","protected":false},"author":1,"featured_media":0,"comment_status":"closed","ping_status":"closed","sticky":false,"template":"","format":"standard","meta":{"footnotes":""},"categories":[3],"tags":[],"class_list":["post-130","post","type-post","status-publish","format-standard","hentry","category-sehenswuerdigkeiten"],"_links":{"self":[{"href":"https:\/\/unter-weissen-fluegeln.de\/index.php?rest_route=\/wp\/v2\/posts\/130","targetHints":{"allow":["GET"]}}],"collection":[{"href":"https:\/\/unter-weissen-fluegeln.de\/index.php?rest_route=\/wp\/v2\/posts"}],"about":[{"href":"https:\/\/unter-weissen-fluegeln.de\/index.php?rest_route=\/wp\/v2\/types\/post"}],"author":[{"embeddable":true,"href":"https:\/\/unter-weissen-fluegeln.de\/index.php?rest_route=\/wp\/v2\/users\/1"}],"replies":[{"embeddable":true,"href":"https:\/\/unter-weissen-fluegeln.de\/index.php?rest_route=%2Fwp%2Fv2%2Fcomments&post=130"}],"version-history":[{"count":3,"href":"https:\/\/unter-weissen-fluegeln.de\/index.php?rest_route=\/wp\/v2\/posts\/130\/revisions"}],"predecessor-version":[{"id":537,"href":"https:\/\/unter-weissen-fluegeln.de\/index.php?rest_route=\/wp\/v2\/posts\/130\/revisions\/537"}],"wp:attachment":[{"href":"https:\/\/unter-weissen-fluegeln.de\/index.php?rest_route=%2Fwp%2Fv2%2Fmedia&parent=130"}],"wp:term":[{"taxonomy":"category","embeddable":true,"href":"https:\/\/unter-weissen-fluegeln.de\/index.php?rest_route=%2Fwp%2Fv2%2Fcategories&post=130"},{"taxonomy":"post_tag","embeddable":true,"href":"https:\/\/unter-weissen-fluegeln.de\/index.php?rest_route=%2Fwp%2Fv2%2Ftags&post=130"}],"curies":[{"name":"wp","href":"https:\/\/api.w.org\/{rel}","templated":true}]}}