{"id":1242,"date":"2022-12-18T13:54:36","date_gmt":"2022-12-18T12:54:36","guid":{"rendered":"https:\/\/unter-weissen-fluegeln.de\/?p=1242"},"modified":"2025-04-18T14:40:16","modified_gmt":"2025-04-18T12:40:16","slug":"die-st-johannes-kirche-in-kamaj","status":"publish","type":"post","link":"https:\/\/unter-weissen-fluegeln.de\/?p=1242","title":{"rendered":"Die St. Johannes-Kirche in Kamaj"},"content":{"rendered":"<div class=\"wp-block-image\">\n<figure class=\"aligncenter size-full\"><img loading=\"lazy\" decoding=\"async\" width=\"568\" height=\"570\" src=\"https:\/\/unter-weissen-fluegeln.de\/wp-content\/uploads\/2022\/12\/09_H_06_2017_14_web.jpg\" alt=\"\" class=\"wp-image-1243\" srcset=\"https:\/\/unter-weissen-fluegeln.de\/wp-content\/uploads\/2022\/12\/09_H_06_2017_14_web.jpg 568w, https:\/\/unter-weissen-fluegeln.de\/wp-content\/uploads\/2022\/12\/09_H_06_2017_14_web-300x300.jpg 300w, https:\/\/unter-weissen-fluegeln.de\/wp-content\/uploads\/2022\/12\/09_H_06_2017_14_web-150x150.jpg 150w\" sizes=\"auto, (max-width: 568px) 100vw, 568px\" \/><\/figure>\n<\/div>\n\n\n<p><\/p>\n\n\n\n<p class=\"has-drop-cap\">Die Johannes dem T\u00e4ufer geweihte Kirche in Kamaj ist eine der \u00e4ltesten katholischen Kirchen in ganz Belarus und eine der wenigen, die nie geschlossen und zweckentfremdet wurden, auch nicht w\u00e4hrend der Sowjetzeit. M\u00f6glicherweise lie\u00dfen die Beh\u00f6rden die Gemeinde gew\u00e4hren, weil einer ihrer Priester, Pater Henry Bu\u0142ka, im 2. Weltkrieg einen bekannten Partisanen vor den Deutschen gerettet hatte.<\/p>\n\n\n\n<p>Der Ort Kamaj wird erstmals Anfang des 16. Jahrhunderts als Herrensitz eines F\u00fcrsten Gleb Pronski erw\u00e4hnt. Gegen Ende des 16. Jahrhunderts verkaufte diese Familie ihren Besitz, zu dem auch das Dorf z\u00e4hlte, an die Familie Rudomin-Dusatski. Jan Rudomin-Dusatski lie\u00df von 1603 bis 1606 die steinerne Kirche erbauen. Der Architekt ist unbekannt.<\/p>\n\n\n\n<p>1643 wurde ein Krankenhaus mit knapp zwanzig Betten der Kirche angegliedert. Urspr\u00fcnglich verf\u00fcgte sie \u00fcber ein Haupt- und zwei Seitenschiffe mit Kreuz- und Sterngew\u00f6lben, doch w\u00e4hrend des Russisch-Polnischen Krieges (1654-1657) brannte sie nieder, die Gew\u00f6lbe st\u00fcrzten ein. Beim Wiederaufbau wurden die Seitenschiffe vollst\u00e4ndig abgetragen, und das Mittelschiff wurde mit einem h\u00f6lzernen Deckenspiegel verkleidet. Erst 1673 wurden die Arbeiten abgeschlossen, und das Gotteshaus konnte neu geweiht werden.<\/p>\n\n\n\n<p>W\u00e4hrend des Gro\u00dfen Nordischen Krieges (1700-1721) beschossen schwedische Truppen das Geb\u00e4ude und besch\u00e4digten es schwer. Einige der Kanonenkugeln sind bis heute in den Mauern sichtbar. <\/p>\n\n\n<div class=\"wp-block-image\">\n<figure class=\"aligncenter size-full\"><img loading=\"lazy\" decoding=\"async\" width=\"568\" height=\"570\" src=\"https:\/\/unter-weissen-fluegeln.de\/wp-content\/uploads\/2022\/12\/10_H_06_2017_14_web-1.jpg\" alt=\"\" class=\"wp-image-1245\" srcset=\"https:\/\/unter-weissen-fluegeln.de\/wp-content\/uploads\/2022\/12\/10_H_06_2017_14_web-1.jpg 568w, https:\/\/unter-weissen-fluegeln.de\/wp-content\/uploads\/2022\/12\/10_H_06_2017_14_web-1-300x300.jpg 300w, https:\/\/unter-weissen-fluegeln.de\/wp-content\/uploads\/2022\/12\/10_H_06_2017_14_web-1-150x150.jpg 150w\" sizes=\"auto, (max-width: 568px) 100vw, 568px\" \/><\/figure>\n<\/div>\n\n\n<p><\/p>\n\n\n\n<p>1778 wurde an der S\u00fcdseite eine Kapelle mit rechteckigem Grundriss angebaut, die auch eine Krypta beherbergte. Im Jahr 1861 wurde die Kirche restauriert und leicht umgestaltet. 2007 wurde einer der T\u00fcrme durch einen Sturm besch\u00e4digt. Die letzte grundlegende Renovierung wurde von 2010 bis 2011 durchgef\u00fchrt.<\/p>\n\n\n\n<p>Architektonisch zeigt die Kirche Elemente der Verteidigungsarchitektur, der Gotik und der Renaissance. Das Kirchenschiff ist ann\u00e4hernd quadratisch und wird von einer gro\u00dfen halbrunden Apsis und einer kleinen Sakristei flankiert. Die beiden T\u00fcrme sind 16 Meter hoch und haben einen Durchmesser von \u00fcber 5 Metern; die Mauern sind bis zu 2 Meter stark. An den Au\u00dfenseiten des Geb\u00e4udes fehlen dekorative Elemente fast v\u00f6llig, sieht man einmal von den vier bogenf\u00f6rmige Nischen im oberen Teil der Hauptfassade ab.<\/p>\n\n\n<div class=\"wp-block-image\">\n<figure class=\"aligncenter size-full\"><img loading=\"lazy\" decoding=\"async\" width=\"570\" height=\"570\" src=\"https:\/\/unter-weissen-fluegeln.de\/wp-content\/uploads\/2022\/12\/H_06_2017_15_08.jpg\" alt=\"\" class=\"wp-image-1246\" srcset=\"https:\/\/unter-weissen-fluegeln.de\/wp-content\/uploads\/2022\/12\/H_06_2017_15_08.jpg 570w, https:\/\/unter-weissen-fluegeln.de\/wp-content\/uploads\/2022\/12\/H_06_2017_15_08-300x300.jpg 300w, https:\/\/unter-weissen-fluegeln.de\/wp-content\/uploads\/2022\/12\/H_06_2017_15_08-150x150.jpg 150w\" sizes=\"auto, (max-width: 570px) 100vw, 570px\" \/><\/figure>\n<\/div>\n\n\n<p><\/p>\n\n\n\n<p>Der Hauptaltar stammt aus der zweiten H\u00e4lfte des 18. Jahrhunderts. Er zeigt Figuren der Apostel Petrus und Paulus und eine als wundert\u00e4tig verehrte Muttergottes-Ikone, die um 1610 in Krakau geschaffen wurde. Die Orgel wurde Ende des 17. Jahrhunderts eingebaut. Ebenfalls beherbergt die Kirche Reliquien der Heiligen Kasimir und Stanislaus, und in der Krypta befinden sich die Grabst\u00e4tten von W\u00fcrdentr\u00e4gern aus der Zeit des Gro\u00dff\u00fcrstentums Litauen.<\/p>\n\n\n\n<p>Im Dorf gab es auch eine j\u00fcdische Gemeinde, die eine Gebetsschule unterhielt. Alle ortsans\u00e4ssigen Juden wurden w\u00e4hrend der Zeit der nationalsozialistischen Besatzung deportiert und ermordet.<\/p>\n\n\n\n<p>Heute leben in Kamaj 695 Einwohner.<\/p>\n\n\n<div class=\"wp-block-image\">\n<figure class=\"aligncenter size-full\"><img loading=\"lazy\" decoding=\"async\" width=\"548\" height=\"570\" src=\"https:\/\/unter-weissen-fluegeln.de\/wp-content\/uploads\/2022\/12\/H_06_2017_15_12.jpg\" alt=\"\" class=\"wp-image-1247\" srcset=\"https:\/\/unter-weissen-fluegeln.de\/wp-content\/uploads\/2022\/12\/H_06_2017_15_12.jpg 548w, https:\/\/unter-weissen-fluegeln.de\/wp-content\/uploads\/2022\/12\/H_06_2017_15_12-288x300.jpg 288w\" sizes=\"auto, (max-width: 548px) 100vw, 548px\" \/><figcaption class=\"wp-element-caption\">Das ehemalige Pfarrhaus fungiert heute als Dienstgeb\u00e4ude des \u00f6rtlichen Forstamtes. <\/figcaption><\/figure>\n<\/div>","protected":false},"excerpt":{"rendered":"<p>Die Johannes dem T\u00e4ufer geweihte Kirche in Kamaj ist eine der \u00e4ltesten katholischen Kirchen in ganz Belarus und eine der wenigen, die nie geschlossen und zweckentfremdet wurden, auch nicht w\u00e4hrend der Sowjetzeit. M\u00f6glicherweise lie\u00dfen die Beh\u00f6rden die Gemeinde gew\u00e4hren, weil einer ihrer Priester, Pater Henry Bu\u0142ka, im 2. Weltkrieg einen bekannten Partisanen vor den Deutschen &hellip;<\/p>\n","protected":false},"author":1,"featured_media":0,"comment_status":"closed","ping_status":"closed","sticky":false,"template":"","format":"standard","meta":{"footnotes":""},"categories":[3],"tags":[],"class_list":["post-1242","post","type-post","status-publish","format-standard","hentry","category-sehenswuerdigkeiten"],"_links":{"self":[{"href":"https:\/\/unter-weissen-fluegeln.de\/index.php?rest_route=\/wp\/v2\/posts\/1242","targetHints":{"allow":["GET"]}}],"collection":[{"href":"https:\/\/unter-weissen-fluegeln.de\/index.php?rest_route=\/wp\/v2\/posts"}],"about":[{"href":"https:\/\/unter-weissen-fluegeln.de\/index.php?rest_route=\/wp\/v2\/types\/post"}],"author":[{"embeddable":true,"href":"https:\/\/unter-weissen-fluegeln.de\/index.php?rest_route=\/wp\/v2\/users\/1"}],"replies":[{"embeddable":true,"href":"https:\/\/unter-weissen-fluegeln.de\/index.php?rest_route=%2Fwp%2Fv2%2Fcomments&post=1242"}],"version-history":[{"count":5,"href":"https:\/\/unter-weissen-fluegeln.de\/index.php?rest_route=\/wp\/v2\/posts\/1242\/revisions"}],"predecessor-version":[{"id":1405,"href":"https:\/\/unter-weissen-fluegeln.de\/index.php?rest_route=\/wp\/v2\/posts\/1242\/revisions\/1405"}],"wp:attachment":[{"href":"https:\/\/unter-weissen-fluegeln.de\/index.php?rest_route=%2Fwp%2Fv2%2Fmedia&parent=1242"}],"wp:term":[{"taxonomy":"category","embeddable":true,"href":"https:\/\/unter-weissen-fluegeln.de\/index.php?rest_route=%2Fwp%2Fv2%2Fcategories&post=1242"},{"taxonomy":"post_tag","embeddable":true,"href":"https:\/\/unter-weissen-fluegeln.de\/index.php?rest_route=%2Fwp%2Fv2%2Ftags&post=1242"}],"curies":[{"name":"wp","href":"https:\/\/api.w.org\/{rel}","templated":true}]}}