{"id":1172,"date":"2022-07-22T12:49:00","date_gmt":"2022-07-22T10:49:00","guid":{"rendered":"https:\/\/unter-weissen-fluegeln.de\/?p=1172"},"modified":"2025-04-19T14:39:54","modified_gmt":"2025-04-19T12:39:54","slug":"opsa","status":"publish","type":"post","link":"https:\/\/unter-weissen-fluegeln.de\/?p=1172","title":{"rendered":"Opsa"},"content":{"rendered":"\n<p class=\"has-drop-cap\">Opsa ist ein Dorf im Kreis Braslaw (Region Witebsk). Es liegt am Ufer des Opsa-Sees, 18 Kilometer s\u00fcdwestlich von Braslaw an der Stra\u00dfe zwischen Braslaw und Postawa. Die Staatsgrenzen zu Lettland und Litauen sind quasi nur einen Steinwurf entfernt.<\/p>\n\n\n\n<p>In schriftlichen Quellen wird Opsa erstmals im Jahr 1500 erw\u00e4hnt, als der litauische Gro\u00dff\u00fcrst Alexander der Jagiellone (Alexandr Jagellontschik, 1461-1506) Opsa dem Smolensker F\u00fcrsten Glasyn zur vor\u00fcbergehenden Nutzung \u00fcberlie\u00df.<\/p>\n\n\n\n<p>Nach der dritten polnischen Teilung (1795) befand sich Opsa auf dem Territorium des Russischen Reiches.<\/p>\n\n\n\n<p>W\u00e4hrend Napoleon Bonapartes Russlandfeldzug schlug hier am 6. Juli 1812 General M. B. Barclay de Tolly (1761-1818), Kommandeur der 1. russischen Westarmee, sein Quartier auf, am 11. Juli 1812 gefolgt vom Kommandeur des franz\u00f6sischen Kavalleriekorps, Marschall Joachim Murat (1767-1815).<\/p>\n\n\n\n<p>1859 hatte Opsa 11 H\u00f6fe und 163 Einwohner. 1864 wurde die Dorschule er\u00f6ffnet. Anfang des 20. Jahrhunderts z\u00e4hlte Opsa 415 Einwohner im Ort und 55 Personen auf dem Landgut der Grafen Plater. W\u00e4hrend des 1. Weltkriegs waren im Ort, auf dem Landgut und in seiner Umgebung Einheiten der russischen Armee, Sanit\u00e4ts- und Nachschubeinrichtungen und Lazarette untergebracht.<\/p>\n\n\n\n<p>Nach dem Friedensvertrag von Riga (1921) geh\u00f6rte Opsa zur Zweiten Polnischen Republik (1918-1939). 1931 lebten 907 Einwohner in Opsa. Acht Jahre darauf lag das Dorf auf dem Staatsgebiet der UdSSR &#8211; bis zu ihrer Aufl\u00f6sung 1991.<\/p>\n\n\n\n<p>Opsa war zwischen Juli 1941 und Juli 1944 von deutschen Truppen besetzt. Im Juni 1942 zwangen die Deutschen die in Opsa lebenden Juden, sich in einem zuvor eingerichteten Ghetto zu sammeln, wo sie fortan den Misshandlungen und Dem\u00fctigungen der Besatzer ausgesetzt waren. Anfang Juli 1942 waren dort noch 300 Menschen am Leben. Sie wurden am 1. September 1942, dem Vorabend des j\u00fcdischen Neujahrsfestes, in das Ghetto der Nachbarstadt Braslaw getrieben. Am 19. M\u00e4rz 1943 wurden alle dort verbliebenen Gefangenen von den Deutschen ermordet.<\/p>\n\n\n\n<p>2019 betrug die Einwohnerzahl des Dorfes 537 Personen.<\/p>\n\n\n<div class=\"wp-block-image\">\n<figure class=\"aligncenter size-full\"><img loading=\"lazy\" decoding=\"async\" width=\"570\" height=\"571\" src=\"https:\/\/unter-weissen-fluegeln.de\/wp-content\/uploads\/2022\/06\/11_H_06_2017_10-1.jpg\" alt=\"\" class=\"wp-image-1174\" srcset=\"https:\/\/unter-weissen-fluegeln.de\/wp-content\/uploads\/2022\/06\/11_H_06_2017_10-1.jpg 570w, https:\/\/unter-weissen-fluegeln.de\/wp-content\/uploads\/2022\/06\/11_H_06_2017_10-1-300x300.jpg 300w, https:\/\/unter-weissen-fluegeln.de\/wp-content\/uploads\/2022\/06\/11_H_06_2017_10-1-150x150.jpg 150w\" sizes=\"auto, (max-width: 570px) 100vw, 570px\" \/><figcaption class=\"wp-element-caption\">Opsa, Dorfstra\u00dfe<\/figcaption><\/figure>\n<\/div>\n\n<div class=\"wp-block-image\">\n<figure class=\"aligncenter size-full\"><img loading=\"lazy\" decoding=\"async\" width=\"570\" height=\"572\" src=\"https:\/\/unter-weissen-fluegeln.de\/wp-content\/uploads\/2022\/06\/08_H_06_2017_10.jpg\" alt=\"\" class=\"wp-image-1175\" srcset=\"https:\/\/unter-weissen-fluegeln.de\/wp-content\/uploads\/2022\/06\/08_H_06_2017_10.jpg 570w, https:\/\/unter-weissen-fluegeln.de\/wp-content\/uploads\/2022\/06\/08_H_06_2017_10-300x300.jpg 300w, https:\/\/unter-weissen-fluegeln.de\/wp-content\/uploads\/2022\/06\/08_H_06_2017_10-150x150.jpg 150w\" sizes=\"auto, (max-width: 570px) 100vw, 570px\" \/><figcaption class=\"wp-element-caption\">Das fr\u00fchere Pfarrhaus, heute Sanit\u00e4tsstation des Ortes<\/figcaption><\/figure>\n<\/div>","protected":false},"excerpt":{"rendered":"<p>Opsa ist ein Dorf im Kreis Braslaw (Region Witebsk). Es liegt am Ufer des Opsa-Sees, 18 Kilometer s\u00fcdwestlich von Braslaw an der Stra\u00dfe zwischen Braslaw und Postawa. Die Staatsgrenzen zu Lettland und Litauen sind quasi nur einen Steinwurf entfernt. In schriftlichen Quellen wird Opsa erstmals im Jahr 1500 erw\u00e4hnt, als der litauische Gro\u00dff\u00fcrst Alexander der &hellip;<\/p>\n","protected":false},"author":1,"featured_media":0,"comment_status":"closed","ping_status":"closed","sticky":false,"template":"","format":"standard","meta":{"footnotes":""},"categories":[5],"tags":[],"class_list":["post-1172","post","type-post","status-publish","format-standard","hentry","category-staedte"],"_links":{"self":[{"href":"https:\/\/unter-weissen-fluegeln.de\/index.php?rest_route=\/wp\/v2\/posts\/1172","targetHints":{"allow":["GET"]}}],"collection":[{"href":"https:\/\/unter-weissen-fluegeln.de\/index.php?rest_route=\/wp\/v2\/posts"}],"about":[{"href":"https:\/\/unter-weissen-fluegeln.de\/index.php?rest_route=\/wp\/v2\/types\/post"}],"author":[{"embeddable":true,"href":"https:\/\/unter-weissen-fluegeln.de\/index.php?rest_route=\/wp\/v2\/users\/1"}],"replies":[{"embeddable":true,"href":"https:\/\/unter-weissen-fluegeln.de\/index.php?rest_route=%2Fwp%2Fv2%2Fcomments&post=1172"}],"version-history":[{"count":7,"href":"https:\/\/unter-weissen-fluegeln.de\/index.php?rest_route=\/wp\/v2\/posts\/1172\/revisions"}],"predecessor-version":[{"id":1465,"href":"https:\/\/unter-weissen-fluegeln.de\/index.php?rest_route=\/wp\/v2\/posts\/1172\/revisions\/1465"}],"wp:attachment":[{"href":"https:\/\/unter-weissen-fluegeln.de\/index.php?rest_route=%2Fwp%2Fv2%2Fmedia&parent=1172"}],"wp:term":[{"taxonomy":"category","embeddable":true,"href":"https:\/\/unter-weissen-fluegeln.de\/index.php?rest_route=%2Fwp%2Fv2%2Fcategories&post=1172"},{"taxonomy":"post_tag","embeddable":true,"href":"https:\/\/unter-weissen-fluegeln.de\/index.php?rest_route=%2Fwp%2Fv2%2Ftags&post=1172"}],"curies":[{"name":"wp","href":"https:\/\/api.w.org\/{rel}","templated":true}]}}