{"id":1140,"date":"2022-07-08T10:22:00","date_gmt":"2022-07-08T08:22:00","guid":{"rendered":"https:\/\/unter-weissen-fluegeln.de\/?p=1140"},"modified":"2025-04-19T15:13:27","modified_gmt":"2025-04-19T13:13:27","slug":"das-herrenhaus-in-opsa","status":"publish","type":"post","link":"https:\/\/unter-weissen-fluegeln.de\/?p=1140","title":{"rendered":"Das Herrenhaus in Opsa"},"content":{"rendered":"\n<p class=\"has-drop-cap\">Ganz in der N\u00e4he der Ortschaft Opsa liegt, malerisch am Ufer des gleichnamigen Sees gelegen, ein Herrenhaus, das zwischen 1903 und 1904 von Feliks Witold Broel-Plater (1849-1924) erbaut wurde, der, zusammen mit seiner Frau El\u017cbieta Potocka (1874-1960), auch der letzte Besitzer von <a href=\"https:\/\/unter-weissen-fluegeln.de\/?p=761\" data-type=\"URL\" data-id=\"https:\/\/unter-weissen-fluegeln.de\/?p=761\" target=\"_blank\" rel=\"noreferrer noopener\">Gut Belmont<\/a> war.<\/p>\n\n\n\n<p>Der Komplex in Opsa umfasste das eigentliche Herrenhaus, eine Reihe von Neben- und Wirtschaftsgeb\u00e4uden und den Park. Das Hauptgeb\u00e4ude und einige der angegliederten Bauten sind erhalten geblieben. <\/p>\n\n\n\n<p>Den zentralen, eingeschossigen Geb\u00e4udeteil des Gutshauses flankieren zwei zweigeschossige, rustifizierte Risalite. Haupt- und Seitenfl\u00fcgel sowie den zentralen, auf zwei S\u00e4ulen ruhenden Portikus sch\u00fctzt ein Mansarddach. Die Fenster\u00f6ffnungen schm\u00fccken Pilaster und Gesimse. Die Hauptfassade ist zur Landseite ausgerichtet, an der Geb\u00e4uder\u00fcckseite gab es eine gro\u00dfe Terrasse. Von dort f\u00fchrte eine repr\u00e4sentative Treppe direkt zum Opsa-See.<\/p>\n\n\n<div class=\"wp-block-image\">\n<figure class=\"aligncenter size-full\"><img loading=\"lazy\" decoding=\"async\" width=\"500\" height=\"357\" src=\"https:\/\/unter-weissen-fluegeln.de\/wp-content\/uploads\/2022\/06\/vibropsa02-02.jpg\" alt=\"\" class=\"wp-image-1151\" srcset=\"https:\/\/unter-weissen-fluegeln.de\/wp-content\/uploads\/2022\/06\/vibropsa02-02.jpg 500w, https:\/\/unter-weissen-fluegeln.de\/wp-content\/uploads\/2022\/06\/vibropsa02-02-300x214.jpg 300w\" sizes=\"auto, (max-width: 500px) 100vw, 500px\" \/><figcaption class=\"wp-element-caption\"><em>Das Gutshaus (Hauptfassade) in den 1930-er Jahren. Foto \u00a9 Anna Ostrowska, <a href=\"https:\/\/radzima.org\/be\/fota\/10082.html\" target=\"_blank\" rel=\"noreferrer noopener\">radzima.org<\/a><\/em><\/figcaption><\/figure>\n<\/div>\n\n<div class=\"wp-block-image\">\n<figure class=\"aligncenter size-full\"><img loading=\"lazy\" decoding=\"async\" width=\"500\" height=\"361\" src=\"https:\/\/unter-weissen-fluegeln.de\/wp-content\/uploads\/2022\/06\/vibropsa04-03.jpg\" alt=\"\" class=\"wp-image-1152\" srcset=\"https:\/\/unter-weissen-fluegeln.de\/wp-content\/uploads\/2022\/06\/vibropsa04-03.jpg 500w, https:\/\/unter-weissen-fluegeln.de\/wp-content\/uploads\/2022\/06\/vibropsa04-03-300x217.jpg 300w\" sizes=\"auto, (max-width: 500px) 100vw, 500px\" \/><figcaption class=\"wp-element-caption\"><em>Die Terrasse an der Geb\u00e4uder\u00fcckseite in den 1930-er Jahren. <br>Foto \u00a9 Anna Ostrowska, <a href=\"https:\/\/radzima.org\/be\/fota\/10084.html\" target=\"_blank\" rel=\"noreferrer noopener\">radzima.org<\/a><\/em><\/figcaption><\/figure>\n<\/div>\n\n<div class=\"wp-block-image\">\n<figure class=\"aligncenter size-full\"><img loading=\"lazy\" decoding=\"async\" width=\"500\" height=\"353\" src=\"https:\/\/unter-weissen-fluegeln.de\/wp-content\/uploads\/2022\/06\/vibropsa04-01.jpg\" alt=\"\" class=\"wp-image-1153\" srcset=\"https:\/\/unter-weissen-fluegeln.de\/wp-content\/uploads\/2022\/06\/vibropsa04-01.jpg 500w, https:\/\/unter-weissen-fluegeln.de\/wp-content\/uploads\/2022\/06\/vibropsa04-01-300x212.jpg 300w\" sizes=\"auto, (max-width: 500px) 100vw, 500px\" \/><figcaption class=\"wp-element-caption\"><em>Die Treppe zum See in den 1930-er Jahren. <br>Foto \u00a9 Anna Ostrowska, <a href=\"https:\/\/radzima.org\/be\/fota\/10082.html\" target=\"_blank\" rel=\"noreferrer noopener\">radzima.org<\/a><\/em><\/figcaption><\/figure>\n<\/div>\n\n\n<p>Den etwa 6 Hektar gro\u00dfe Landschaftspark lie\u00df Feliks Plater mit ausgesuchten B\u00e4umen und Pflanzen anlegen. Lauben, Blumenbeete, steinerne Pflanzk\u00fcbel und andere dekorative Elemente lockerten das Bild auf.<\/p>\n\n\n\n<p>\u00c4u\u00dferlich ein wohlproportioniertes Geb\u00e4ude im neoklassizistischen Stil, l\u00e4sst heute jedoch beim N\u00e4herkommen der erste Eindruck wenig Gutes vermuten. <\/p>\n\n\n<div class=\"wp-block-image\">\n<figure class=\"aligncenter size-full\"><img loading=\"lazy\" decoding=\"async\" width=\"570\" height=\"572\" src=\"https:\/\/unter-weissen-fluegeln.de\/wp-content\/uploads\/2022\/06\/06_H_06_2017_14_web.jpg\" alt=\"\" class=\"wp-image-1148\" srcset=\"https:\/\/unter-weissen-fluegeln.de\/wp-content\/uploads\/2022\/06\/06_H_06_2017_14_web.jpg 570w, https:\/\/unter-weissen-fluegeln.de\/wp-content\/uploads\/2022\/06\/06_H_06_2017_14_web-300x300.jpg 300w, https:\/\/unter-weissen-fluegeln.de\/wp-content\/uploads\/2022\/06\/06_H_06_2017_14_web-150x150.jpg 150w\" sizes=\"auto, (max-width: 570px) 100vw, 570px\" \/><\/figure>\n<\/div>\n\n\n<p><\/p>\n\n\n\n<p>Die Fenster und T\u00fcren sind mit groben Bretten vernagelt, und das Innere des Hauses erinnert an einen unvollendeten sowjetischen Plattenbau. Wie kam es dazu?<\/p>\n\n\n\n<p><\/p>\n\n\n<div class=\"wp-block-image\">\n<figure class=\"aligncenter size-full\"><img loading=\"lazy\" decoding=\"async\" width=\"570\" height=\"570\" src=\"https:\/\/unter-weissen-fluegeln.de\/wp-content\/uploads\/2022\/06\/05_H_06_2017_14_web.jpg\" alt=\"\" class=\"wp-image-1141\" srcset=\"https:\/\/unter-weissen-fluegeln.de\/wp-content\/uploads\/2022\/06\/05_H_06_2017_14_web.jpg 570w, https:\/\/unter-weissen-fluegeln.de\/wp-content\/uploads\/2022\/06\/05_H_06_2017_14_web-300x300.jpg 300w, https:\/\/unter-weissen-fluegeln.de\/wp-content\/uploads\/2022\/06\/05_H_06_2017_14_web-150x150.jpg 150w\" sizes=\"auto, (max-width: 570px) 100vw, 570px\" \/><\/figure>\n<\/div>\n\n\n<p><\/p>\n\n\n\n<p>Kaum Herrenhaus und Park vollendet, verhinderte der 1. Weltkrieg, dass Feliks Plater sein Landgut jemals bewohnte. Das Gutshaus diente ab 1915 als Milit\u00e4rkrankenhaus, 1922 erwarb die Republik Polen das Anwesen und richtete 1927 dort eine Landwirtschaftsschule ein. Das Hauptgeb\u00e4ude beherbergte nun Klassenr\u00e4ume und Schlafs\u00e4le f\u00fcr die Sch\u00fcler, den Speisesaal, die Schulk\u00fcche und, im Erdgeschoss des rechten Fl\u00fcgels, die Wohnung des Schulleiters. Fortan wurden angehende Landwirte in moderner Landwirtschaft, Agrartechnologie, Tierzucht und Landgewinnung geschult. Handwerksberufe (Schmied, Schlosser, Schreiner u.a.m.) waren ebenfalls Bestandteil des Lehrplans. Der schuleigene landwirtschaftliche Betrieb hatte eine Fl\u00e4che von 92 Hektar. Schon bald wurde die Schule zu einer der fortschrittlichsten Einrichtungen ihrer Art, die auch ausl\u00e4ndische Auszubildende aufnahm.<\/p>\n\n\n\n<figure class=\"wp-block-image size-large\"><img loading=\"lazy\" decoding=\"async\" width=\"1024\" height=\"690\" src=\"https:\/\/unter-weissen-fluegeln.de\/wp-content\/uploads\/2022\/06\/3_1_0_10_2384_1_1_232689-1024x690.jpg\" alt=\"\" class=\"wp-image-1143\" srcset=\"https:\/\/unter-weissen-fluegeln.de\/wp-content\/uploads\/2022\/06\/3_1_0_10_2384_1_1_232689-1024x690.jpg 1024w, https:\/\/unter-weissen-fluegeln.de\/wp-content\/uploads\/2022\/06\/3_1_0_10_2384_1_1_232689-300x202.jpg 300w, https:\/\/unter-weissen-fluegeln.de\/wp-content\/uploads\/2022\/06\/3_1_0_10_2384_1_1_232689-768x517.jpg 768w, https:\/\/unter-weissen-fluegeln.de\/wp-content\/uploads\/2022\/06\/3_1_0_10_2384_1_1_232689-1536x1035.jpg 1536w, https:\/\/unter-weissen-fluegeln.de\/wp-content\/uploads\/2022\/06\/3_1_0_10_2384_1_1_232689-2048x1379.jpg 2048w\" sizes=\"auto, (max-width: 1024px) 100vw, 1024px\" \/><figcaption class=\"wp-element-caption\"><em>Die Landwirtschaftsschule zwischen 1920 und 1939. Narodowe Archiwum Cyfrowe, Inv.-Nr. 3\/1\/0\/10\/2384<\/em><\/figcaption><\/figure>\n\n\n<div class=\"wp-block-image\">\n<figure class=\"aligncenter size-large\"><img loading=\"lazy\" decoding=\"async\" width=\"1024\" height=\"713\" src=\"https:\/\/unter-weissen-fluegeln.de\/wp-content\/uploads\/2022\/06\/3_1_0_10_2384_2_1_232691-1024x713.jpg\" alt=\"\" class=\"wp-image-1146\" srcset=\"https:\/\/unter-weissen-fluegeln.de\/wp-content\/uploads\/2022\/06\/3_1_0_10_2384_2_1_232691-1024x713.jpg 1024w, https:\/\/unter-weissen-fluegeln.de\/wp-content\/uploads\/2022\/06\/3_1_0_10_2384_2_1_232691-300x209.jpg 300w, https:\/\/unter-weissen-fluegeln.de\/wp-content\/uploads\/2022\/06\/3_1_0_10_2384_2_1_232691-768x535.jpg 768w, https:\/\/unter-weissen-fluegeln.de\/wp-content\/uploads\/2022\/06\/3_1_0_10_2384_2_1_232691-1536x1069.jpg 1536w, https:\/\/unter-weissen-fluegeln.de\/wp-content\/uploads\/2022\/06\/3_1_0_10_2384_2_1_232691-2048x1425.jpg 2048w\" sizes=\"auto, (max-width: 1024px) 100vw, 1024px\" \/><figcaption class=\"wp-element-caption\"><em>Die Landwirtschaftsschule zwischen 1920 und 1939, Gartenseite, Treppe zum See. Narodowe Archiwum Cyfrowe, Inv.-Nr. 3\/1\/0\/10\/2384\/2<\/em><\/figcaption><\/figure>\n<\/div>\n\n\n<p>Das Ende der Landwirtschaftsschule kam 1939. Schon im September war Ostpolen durch die Sowjetunion besetzt worden. Der letzte Rektor der Schule, Bernard Wys\u0142ouch (geb. 1903), wurde verhaftet, deportiert und 1940 in Sibirien ermordet, die Schule selbst wurde geschlossen.<\/p>\n\n\n\n<p>Die nach dem Zweiten Weltkrieg von den Alliierten festgelegten Grenzverl\u00e4ufe f\u00fchrten dazu, dass die 1939 von der Sowjetunion besetzten ostpolnischen Gebiete auch nach 1945 sowjetisch blieben. Feliks Platers Gutshaus wurde bis zur Aufl\u00f6sung der Sowjetunion (26.12.1991) als Waisenhaus genutzt. Danach \u00fcbernahm die <em>Belarussische Gesellschaft der Behinderten<\/em> <em>(Bjelaruskaje Tawarystwa Inwalidau)<\/em> das Landgut. Es sollte in ein Erholungszentrum f\u00fcr Menschen mit Behinderung umgewandelt werden. Im Zuge der Sanierung wurde das Innere entkernt, bis nur noch die Au\u00dfenw\u00e4nde standen. Doch der neue Eigent\u00fcmer konnte den Fortgang der aufwendigen Umbauarbeiten nicht finanzieren, und die Sanierung wurde eingestellt.<\/p>\n\n\n\n<p>Da dieses historische Geb\u00e4ude nicht das einzige war, das zu verfallen drohte, erm\u00f6glichte Anfang der 2010-er Jahre der Staat privaten Investoren, leerstehende historische Geb\u00e4ude und die dazu geh\u00f6renden Grundst\u00fccke und L\u00e4ndereien zu erwerben. So sollten bauf\u00e4llige Geb\u00e4ude von hohem historischen Wert vor weiterer Zerst\u00f6rung bewahrt werden.<\/p>\n\n\n\n<p>Im Falle des Herrenhauses in Opsa trat 2012 die Minsker Immobilienfirma <em>Pakodan<\/em> als aussichtsreicher neuer Eigent\u00fcmer des gr\u00e4flichen Anwesens auf den Plan. Man legte ein detailliertes Projekt zur Wiederbelebung des Anwesens vor, das in einen modernen Hotelkomplex verwandelt werden sollte, in eine Nobelherberge in historischer H\u00fclle mitten im Nationalpark Braslawer Seen.<\/p>\n\n\n\n<p><em>Pakodan<\/em> gr\u00fcndete eigens f\u00fcr dieses Vorhaben die Firma <em>Usadby i Samki<\/em> (Herrensitze und Schl\u00f6sser). Ein Gesch\u00e4ftsf\u00fchrer, vier Wachleute und ein Techniker wurden eingestellt, Geb\u00e4ude und Grundst\u00fcck befreite man von Unkraut und Unrat, die leeren Fenster- und T\u00fcr\u00f6ffnungen des Gutshauses wurden zum Schutz vor der Witterung provisorisch verschlossen. Eine Video\u00fcberwachung wurde installiert, Schautafeln informierten \u00fcber das Projekt, und in einem der historischen Nebengeb\u00e4ude wurden B\u00fcros f\u00fcr die Bauleitung eingerichtet.<\/p>\n\n\n<div class=\"wp-block-image\">\n<figure class=\"aligncenter size-large\"><img loading=\"lazy\" decoding=\"async\" width=\"1024\" height=\"684\" src=\"https:\/\/unter-weissen-fluegeln.de\/wp-content\/uploads\/2022\/06\/castles1-bg-1024x684.jpg\" alt=\"\" class=\"wp-image-1155\" srcset=\"https:\/\/unter-weissen-fluegeln.de\/wp-content\/uploads\/2022\/06\/castles1-bg-1024x684.jpg 1024w, https:\/\/unter-weissen-fluegeln.de\/wp-content\/uploads\/2022\/06\/castles1-bg-300x200.jpg 300w, https:\/\/unter-weissen-fluegeln.de\/wp-content\/uploads\/2022\/06\/castles1-bg-768x513.jpg 768w, https:\/\/unter-weissen-fluegeln.de\/wp-content\/uploads\/2022\/06\/castles1-bg-1536x1026.jpg 1536w, https:\/\/unter-weissen-fluegeln.de\/wp-content\/uploads\/2022\/06\/castles1-bg-2048x1368.jpg 2048w\" sizes=\"auto, (max-width: 1024px) 100vw, 1024px\" \/><figcaption class=\"wp-element-caption\"><em>Geplantes Aussehen des Herrenhauses nach der Sanierung. Quelle: Usadby i zamki<\/em><\/figcaption><\/figure>\n<\/div>\n\n\n<p>Eine eigens angelegte Informationsseite im Internet illustrierte das ambitionierte Vorhaben in attraktiven virtuellen Ansichten und mit feierlichen Worten: &#8222;Hauptaufgabe des Projekts ist die Bewahrung des historischen Erscheinungsbildes des ehemaligen gr\u00e4flichen Landguts, das zum kulturhistorischen Erbe der Republik Belarus z\u00e4hlt.&#8220;<\/p>\n\n\n<div class=\"wp-block-image\">\n<figure class=\"aligncenter size-full\"><img loading=\"lazy\" decoding=\"async\" width=\"720\" height=\"480\" src=\"https:\/\/unter-weissen-fluegeln.de\/wp-content\/uploads\/2022\/06\/castles2-bg.jpg\" alt=\"\" class=\"wp-image-1156\" srcset=\"https:\/\/unter-weissen-fluegeln.de\/wp-content\/uploads\/2022\/06\/castles2-bg.jpg 720w, https:\/\/unter-weissen-fluegeln.de\/wp-content\/uploads\/2022\/06\/castles2-bg-300x200.jpg 300w\" sizes=\"auto, (max-width: 720px) 100vw, 720px\" \/><figcaption class=\"wp-element-caption\"><em>Das Herrenhaus <em>(Gartenseite)<\/em><\/em> <em>nach der geplanten Sanierung. Quelle: Usadby i zamki<\/em><\/figcaption><\/figure>\n<\/div>\n\n\n<p>Doch 2014 traten finanzielle Schwierigkeiten auf, und das Projekt kam zum Stillstand. Die T\u00fcr zum B\u00fcro der Bauleitung umrankten bald wieder Brennnesseln, das Areal wurde von Str\u00e4uchern \u00fcberwuchert. Einziges sichtbares Relikt des ehrgeizigen Vorhabens blieben zwei f\u00fcr die Bauarbeiter aufgestellte h\u00f6lzerne Toilettenh\u00e4uschen, die noch immer den Haupteingang des Herrenhauses flankieren. Das Geb\u00e4ude verfiel weiter, doch nun hatten die Beh\u00f6rden nicht einmal mehr das Recht, den Wildwuchs beseitigen zu lassen, denn das Anwesen samt L\u00e4ndereien war ja Eigentum der Firma <em>Herrensitze und Schl\u00f6sser<\/em>.<\/p>\n\n\n\n<p>Fr\u00fchere Angestellte des Unternehmens gaben an, L\u00f6hne und Geh\u00e4lter seien nie vollst\u00e4ndig ausgezahlt worden, doch ihr ehemaliger Arbeitgeber ist nicht mehr erreichbar. Auch seine Internetpr\u00e4senz ist l\u00e4ngst abgeschaltet. Einheimische vermuten, dass die Minsker Firma <em>Pakodan<\/em> von Anfang an die Absicht hatte, das Architekturdenkmal gewinnbringend weiterzuver\u00e4u\u00dfern, statt es zu restaurieren und ihm neues Leben einzuhauchen.<\/p>\n\n\n\n<p>Wie sieht die Zukunft des gr\u00e4flichen Anwesens aus? Niemand kann das mit Bestimmtheit sagen. 2017 hat die Bezirksregierung den Investitionsvertrag mit der Firma <em>Herrensitze und Schl\u00f6sser<\/em> gek\u00fcndigt.<\/p>\n\n\n<div class=\"wp-block-image\">\n<figure class=\"aligncenter size-full\"><img loading=\"lazy\" decoding=\"async\" width=\"569\" height=\"570\" src=\"https:\/\/unter-weissen-fluegeln.de\/wp-content\/uploads\/2022\/06\/07_H_06_2017_14_web.jpg\" alt=\"\" class=\"wp-image-1159\" srcset=\"https:\/\/unter-weissen-fluegeln.de\/wp-content\/uploads\/2022\/06\/07_H_06_2017_14_web.jpg 569w, https:\/\/unter-weissen-fluegeln.de\/wp-content\/uploads\/2022\/06\/07_H_06_2017_14_web-300x300.jpg 300w, https:\/\/unter-weissen-fluegeln.de\/wp-content\/uploads\/2022\/06\/07_H_06_2017_14_web-150x150.jpg 150w\" sizes=\"auto, (max-width: 569px) 100vw, 569px\" \/><figcaption class=\"wp-element-caption\"><em>Ein Nebengeb\u00e4ude des Gutshauses wird noch von ehemaligen Angestellten der Immobilienfirma <\/em>Herrensitze und Schl\u00f6sser<em> bewohnt<\/em><\/figcaption><\/figure>\n<\/div>\n\n\n<p>Das belarussische Kulturministerium vermerkt: &#8222;Die bedeutendsten Denkm\u00e4ler (\u2026), die unter staatlichem Schutz stehen, sind in der (\u2026) Liste der historischen und kulturellen Werte der Republik Belarus aufgef\u00fchrt. Ende 2020 sind dies 5598 Objekte. (\u2026) Das Land arbeitet entschlossen daran, sein historisches und kulturelles Erbe zu restaurieren und wiederherzustellen&#8220; (https:\/\/president.gov.by\/ru\/belarus\/social\/culture\/istoriko-kulturnoe-nasledie).<\/p>\n","protected":false},"excerpt":{"rendered":"<p>Ganz in der N\u00e4he der Ortschaft Opsa liegt, malerisch am Ufer des gleichnamigen Sees gelegen, ein Herrenhaus, das zwischen 1903 und 1904 von Feliks Witold Broel-Plater (1849-1924) erbaut wurde, der, zusammen mit seiner Frau El\u017cbieta Potocka (1874-1960), auch der letzte Besitzer von Gut Belmont war. Der Komplex in Opsa umfasste das eigentliche Herrenhaus, eine Reihe &hellip;<\/p>\n","protected":false},"author":1,"featured_media":0,"comment_status":"closed","ping_status":"closed","sticky":false,"template":"","format":"standard","meta":{"footnotes":""},"categories":[3],"tags":[],"class_list":["post-1140","post","type-post","status-publish","format-standard","hentry","category-sehenswuerdigkeiten"],"_links":{"self":[{"href":"https:\/\/unter-weissen-fluegeln.de\/index.php?rest_route=\/wp\/v2\/posts\/1140","targetHints":{"allow":["GET"]}}],"collection":[{"href":"https:\/\/unter-weissen-fluegeln.de\/index.php?rest_route=\/wp\/v2\/posts"}],"about":[{"href":"https:\/\/unter-weissen-fluegeln.de\/index.php?rest_route=\/wp\/v2\/types\/post"}],"author":[{"embeddable":true,"href":"https:\/\/unter-weissen-fluegeln.de\/index.php?rest_route=\/wp\/v2\/users\/1"}],"replies":[{"embeddable":true,"href":"https:\/\/unter-weissen-fluegeln.de\/index.php?rest_route=%2Fwp%2Fv2%2Fcomments&post=1140"}],"version-history":[{"count":27,"href":"https:\/\/unter-weissen-fluegeln.de\/index.php?rest_route=\/wp\/v2\/posts\/1140\/revisions"}],"predecessor-version":[{"id":1469,"href":"https:\/\/unter-weissen-fluegeln.de\/index.php?rest_route=\/wp\/v2\/posts\/1140\/revisions\/1469"}],"wp:attachment":[{"href":"https:\/\/unter-weissen-fluegeln.de\/index.php?rest_route=%2Fwp%2Fv2%2Fmedia&parent=1140"}],"wp:term":[{"taxonomy":"category","embeddable":true,"href":"https:\/\/unter-weissen-fluegeln.de\/index.php?rest_route=%2Fwp%2Fv2%2Fcategories&post=1140"},{"taxonomy":"post_tag","embeddable":true,"href":"https:\/\/unter-weissen-fluegeln.de\/index.php?rest_route=%2Fwp%2Fv2%2Ftags&post=1140"}],"curies":[{"name":"wp","href":"https:\/\/api.w.org\/{rel}","templated":true}]}}