{"id":1048,"date":"2022-03-09T22:40:00","date_gmt":"2022-03-09T21:40:00","guid":{"rendered":"https:\/\/unter-weissen-fluegeln.de\/?p=1048"},"modified":"2025-04-29T09:53:51","modified_gmt":"2025-04-29T07:53:51","slug":"das-jesuitenkolleg-in-polozk","status":"publish","type":"post","link":"https:\/\/unter-weissen-fluegeln.de\/?p=1048","title":{"rendered":"Das Jesuitenkolleg in Polozk"},"content":{"rendered":"\n<p class=\"has-drop-cap\">Im Jahr 1580 wurde in Polozk, unterst\u00fctzt vom polnischen K\u00f6nig und Gro\u00dff\u00fcrsten von Litauen, Stefan Batory (1533-1586), ein Jesuitenkolleg gegr\u00fcndet. Erster Rektor wurde der Jesuitenm\u00f6nch Peter Skarga (1536-1612).<\/p>\n\n\n\n<p>Die Geb\u00e4ude des Kollegs und die zugeh\u00f6rige Kirche standen zun\u00e4chst auf einer Insel im Fluss Dwina. Sie wurden in der ersten H\u00e4lfte des 17. Jahrhunderts durch einen Brand vernichtet, woraufhin das Kolleg am neuen Standort im Stadtzentrum nahe des (nicht erhaltenen) Oberen Schlosses neu erbaut wurde. Schlie\u00dflich wurde 1750 ein neues, nun aus Stein gebautes, dreist\u00f6ckiges Kollegiengeb\u00e4ude errichtet.<\/p>\n\n\n\n<p>Nach der ersten polnischen Teilung (1772) gelangte der \u00f6stliche Teil des heutigen Belarus mit Polozk ans Russische Reich. Im folgenden Jahr l\u00f6ste Papst Clemens XIV. (1705-1774) den Jesuitenorden auf. Zarin Katharina II. lie\u00df dies nicht umsetzen, da im russisch-orthodoxen Russland die p\u00e4pstliche Autorit\u00e4t nicht anerkannt war. Auch wollte man die Bildungseinrichtungen, die vom Jesuitenorden betrieben wurden, nicht schlie\u00dfen. Und nicht zuletzt waren f\u00fcr die Katholiken in den ehemals polnischen Territorien, die nach der Teilung dem Russischen Reich zugefallen waren, weiterhin katholische Geistliche als Seelsorger n\u00f6tig. So bestand das Jesuitenkolleg in Polozk weiter und wurde das geistige und geistliche Zentrum des Ordens im Russischen Reich.<\/p>\n\n\n<div class=\"wp-block-image\">\n<figure class=\"aligncenter size-full\"><img loading=\"lazy\" decoding=\"async\" width=\"1024\" height=\"631\" src=\"https:\/\/unter-weissen-fluegeln.de\/wp-content\/uploads\/2022\/02\/Polacak_Rynak_Jezuicki._\u041f\u043e\u043b\u0430\u0446\u0430\u043a_\u0420\u044b\u043d\u0430\u043a_\u0415\u0437\u0443\u0456\u0446\u043a\u0456_D._Strukov_1864-67.jpg\" alt=\"\" class=\"wp-image-1049\" srcset=\"https:\/\/unter-weissen-fluegeln.de\/wp-content\/uploads\/2022\/02\/Polacak_Rynak_Jezuicki._\u041f\u043e\u043b\u0430\u0446\u0430\u043a_\u0420\u044b\u043d\u0430\u043a_\u0415\u0437\u0443\u0456\u0446\u043a\u0456_D._Strukov_1864-67.jpg 1024w, https:\/\/unter-weissen-fluegeln.de\/wp-content\/uploads\/2022\/02\/Polacak_Rynak_Jezuicki._\u041f\u043e\u043b\u0430\u0446\u0430\u043a_\u0420\u044b\u043d\u0430\u043a_\u0415\u0437\u0443\u0456\u0446\u043a\u0456_D._Strukov_1864-67-300x185.jpg 300w, https:\/\/unter-weissen-fluegeln.de\/wp-content\/uploads\/2022\/02\/Polacak_Rynak_Jezuicki._\u041f\u043e\u043b\u0430\u0446\u0430\u043a_\u0420\u044b\u043d\u0430\u043a_\u0415\u0437\u0443\u0456\u0446\u043a\u0456_D._Strukov_1864-67-768x473.jpg 768w\" sizes=\"auto, (max-width: 1024px) 100vw, 1024px\" \/><figcaption class=\"wp-element-caption\"><em>Frontansicht des Kollegs. Aus: Juri Tschanturija: Belorusskoje gradostroitelnoje iskusstwo. Srednewekowoje nasledie, renessans, barokko, klassizism w sisteme jewropejskogo sodtschestwa (Die belorussische Stadtbaukunst. Das mittelalterliche Erbe, die Rennaisance, das Barock, der Klassizismus im System der europ\u00e4ischen Baukunst). Minsk 2017, S. 84.<\/em><\/figcaption><\/figure>\n<\/div>\n\n\n<p>In den folgenden Jahren wurden die Klosteranlagen um verschiedene Verwaltungs- und Wirtschaftseinrichtungen erweitert. Kornspeicher, St\u00e4lle, eine Remise, eine B\u00e4ckerei, eine R\u00e4ucherei, eine Brauerei, Werkst\u00e4tten, eine Druckerei und sogar eine Tuchfabrik wurden eingerichtet, es gab einen Konzertsaal, eine Apotheke und ein Armenhaus. Dem Kloster geh\u00f6rten mehrere Gutsh\u00f6fe, die zahlreichen Menschen Arbeit und Auskommen boten. Das Kolleg wurde zu einer der reichsten kirchlichen Einrichtungen auf dem Gebiet des heutigen Belarus. <\/p>\n\n\n<div class=\"wp-block-image\">\n<figure class=\"aligncenter size-full\"><img loading=\"lazy\" decoding=\"async\" width=\"617\" height=\"528\" src=\"https:\/\/unter-weissen-fluegeln.de\/wp-content\/uploads\/2022\/02\/Polozk_Jesuitenkolleg_Grundriss.jpg\" alt=\"\" class=\"wp-image-1050\" srcset=\"https:\/\/unter-weissen-fluegeln.de\/wp-content\/uploads\/2022\/02\/Polozk_Jesuitenkolleg_Grundriss.jpg 617w, https:\/\/unter-weissen-fluegeln.de\/wp-content\/uploads\/2022\/02\/Polozk_Jesuitenkolleg_Grundriss-300x257.jpg 300w\" sizes=\"auto, (max-width: 617px) 100vw, 617px\" \/><figcaption class=\"wp-element-caption\"><em>Grundrisse des Jesuitenkollegs. Aus: Juri Tschanturija: Die belorussische Stadtbaukunst (a.a.O.)<\/em><\/figcaption><\/figure>\n<\/div>\n\n<div class=\"wp-block-image\">\n<figure class=\"aligncenter size-large\"><img loading=\"lazy\" decoding=\"async\" width=\"1024\" height=\"735\" src=\"https:\/\/unter-weissen-fluegeln.de\/wp-content\/uploads\/2022\/02\/Polacak_Jezuicki._\u041f\u043e\u043b\u0430\u0446\u0430\u043a_\u0415\u0437\u0443\u0456\u0446\u043a\u0456_1800_2-1024x735.jpg\" alt=\"\" class=\"wp-image-1051\" srcset=\"https:\/\/unter-weissen-fluegeln.de\/wp-content\/uploads\/2022\/02\/Polacak_Jezuicki._\u041f\u043e\u043b\u0430\u0446\u0430\u043a_\u0415\u0437\u0443\u0456\u0446\u043a\u0456_1800_2-1024x735.jpg 1024w, https:\/\/unter-weissen-fluegeln.de\/wp-content\/uploads\/2022\/02\/Polacak_Jezuicki._\u041f\u043e\u043b\u0430\u0446\u0430\u043a_\u0415\u0437\u0443\u0456\u0446\u043a\u0456_1800_2-300x215.jpg 300w, https:\/\/unter-weissen-fluegeln.de\/wp-content\/uploads\/2022\/02\/Polacak_Jezuicki._\u041f\u043e\u043b\u0430\u0446\u0430\u043a_\u0415\u0437\u0443\u0456\u0446\u043a\u0456_1800_2-768x552.jpg 768w, https:\/\/unter-weissen-fluegeln.de\/wp-content\/uploads\/2022\/02\/Polacak_Jezuicki._\u041f\u043e\u043b\u0430\u0446\u0430\u043a_\u0415\u0437\u0443\u0456\u0446\u043a\u0456_1800_2.jpg 1398w\" sizes=\"auto, (max-width: 1024px) 100vw, 1024px\" \/><figcaption class=\"wp-element-caption\"><em>Der Eingang zum Jesuitenkolleg. Aus: Urba\u0144ski, Antoni: Podzwonne na zgliszczach Litwy i Rusi (Ein Gru\u00df an die Ruinen von Litauen und Russland). Warschau 1928, S. 159.<\/em><\/figcaption><\/figure>\n<\/div>\n\n\n<p>Am 12. Januar 1812 wandelte Zar Alexander I. das Kolleg in eine Akademie um. Sie bestand acht Jahre lang und war die erste h\u00f6here Bildungseinrichtung auf dem Gebiet des heutigen Belarus.<\/p>\n\n\n\n<p>Als im Februar 1820 der Generalobere des Jesuitenordens Thaddeusz Brzozowski (geb. 1749) starb, verbannte Alexander I. die Jesuiten aus dem Russischen Reich und l\u00f6ste die Akademie von Polozk auf. Die 60.000 B\u00e4nde ihrer Bibliothek wurden an verschiedene Lehranstalten im gesamten Russischen Reich verteilt. Zwischen 1831 und 1833 wurden die Klostergeb\u00e4ude zu einer Milit\u00e4rschule f\u00fcr Kadetten umgebaut. Die Kirche wurde russisch-orthodox und dem heiligen Nikolaus geweiht.<\/p>\n\n\n\n<p>In den darauffolgenden gut einhundert Jahren hatte Polozk in hohem Ma\u00dfe unter den Konflikten und Kriegen des 19. und 20. Jahrhunderts zu leiden. Als besonders verlustreich erwiesen sich die Besetzung der Stadt durch die deutsche Wehrmacht 1941 und die K\u00e4mpfe w\u00e4hrend der sowjetischen Gegenoffensive, die 1944 zur Befreiung der Stadt, aber auch zu ihrer g\u00e4nzlichen Zerst\u00f6rung f\u00fchrten. Die St. Nikolaus-Kathedrale stand als Ruine noch fast zwanzig Jahre, bis sie 1964 gesprengt wurde. Damit verlor das barock-klassizistische Ensemble des Stadtzentrums seinen architektonischen Fixpunkt.<\/p>\n\n\n<div class=\"wp-block-image\">\n<figure class=\"aligncenter size-full\"><img loading=\"lazy\" decoding=\"async\" width=\"570\" height=\"379\" src=\"https:\/\/unter-weissen-fluegeln.de\/wp-content\/uploads\/2022\/02\/DSC7804.jpg\" alt=\"\" class=\"wp-image-1053\" srcset=\"https:\/\/unter-weissen-fluegeln.de\/wp-content\/uploads\/2022\/02\/DSC7804.jpg 570w, https:\/\/unter-weissen-fluegeln.de\/wp-content\/uploads\/2022\/02\/DSC7804-300x199.jpg 300w\" sizes=\"auto, (max-width: 570px) 100vw, 570px\" \/><\/figure>\n<\/div>\n\n\n<p><\/p>\n\n\n\n<p>Die verbliebenen Geb\u00e4ude wurden zwischen 2003 und 2005 restauriert. Heute sind darin die Fakult\u00e4ten f\u00fcr Geisteswissenschaften und f\u00fcr Informatik der Staatlichen Universit\u00e4t Polozk untergebracht.<\/p>\n\n\n<div class=\"wp-block-image\">\n<figure class=\"aligncenter size-full\"><img loading=\"lazy\" decoding=\"async\" width=\"570\" height=\"379\" src=\"https:\/\/unter-weissen-fluegeln.de\/wp-content\/uploads\/2022\/02\/DSC7802.jpg\" alt=\"\" class=\"wp-image-1054\" srcset=\"https:\/\/unter-weissen-fluegeln.de\/wp-content\/uploads\/2022\/02\/DSC7802.jpg 570w, https:\/\/unter-weissen-fluegeln.de\/wp-content\/uploads\/2022\/02\/DSC7802-300x199.jpg 300w\" sizes=\"auto, (max-width: 570px) 100vw, 570px\" \/><\/figure>\n<\/div>\n\n\n<p><\/p>\n\n\n<div class=\"wp-block-image\">\n<figure class=\"aligncenter size-full\"><img loading=\"lazy\" decoding=\"async\" width=\"570\" height=\"379\" src=\"https:\/\/unter-weissen-fluegeln.de\/wp-content\/uploads\/2022\/02\/DSC7803.jpg\" alt=\"\" class=\"wp-image-1055\" srcset=\"https:\/\/unter-weissen-fluegeln.de\/wp-content\/uploads\/2022\/02\/DSC7803.jpg 570w, https:\/\/unter-weissen-fluegeln.de\/wp-content\/uploads\/2022\/02\/DSC7803-300x199.jpg 300w\" sizes=\"auto, (max-width: 570px) 100vw, 570px\" \/><\/figure>\n<\/div>\n\n\n<p><\/p>\n\n\n<div class=\"wp-block-image\">\n<figure class=\"aligncenter size-full\"><img loading=\"lazy\" decoding=\"async\" width=\"570\" height=\"379\" src=\"https:\/\/unter-weissen-fluegeln.de\/wp-content\/uploads\/2022\/02\/DSC7805-2.jpg\" alt=\"\" class=\"wp-image-1058\" srcset=\"https:\/\/unter-weissen-fluegeln.de\/wp-content\/uploads\/2022\/02\/DSC7805-2.jpg 570w, https:\/\/unter-weissen-fluegeln.de\/wp-content\/uploads\/2022\/02\/DSC7805-2-300x199.jpg 300w\" sizes=\"auto, (max-width: 570px) 100vw, 570px\" \/><\/figure>\n<\/div>","protected":false},"excerpt":{"rendered":"<p>Im Jahr 1580 wurde in Polozk, unterst\u00fctzt vom polnischen K\u00f6nig und Gro\u00dff\u00fcrsten von Litauen, Stefan Batory (1533-1586), ein Jesuitenkolleg gegr\u00fcndet. Erster Rektor wurde der Jesuitenm\u00f6nch Peter Skarga (1536-1612). Die Geb\u00e4ude des Kollegs und die zugeh\u00f6rige Kirche standen zun\u00e4chst auf einer Insel im Fluss Dwina. Sie wurden in der ersten H\u00e4lfte des 17. Jahrhunderts durch einen &hellip;<\/p>\n","protected":false},"author":1,"featured_media":0,"comment_status":"closed","ping_status":"closed","sticky":false,"template":"","format":"standard","meta":{"footnotes":""},"categories":[3],"tags":[],"class_list":["post-1048","post","type-post","status-publish","format-standard","hentry","category-sehenswuerdigkeiten"],"_links":{"self":[{"href":"https:\/\/unter-weissen-fluegeln.de\/index.php?rest_route=\/wp\/v2\/posts\/1048","targetHints":{"allow":["GET"]}}],"collection":[{"href":"https:\/\/unter-weissen-fluegeln.de\/index.php?rest_route=\/wp\/v2\/posts"}],"about":[{"href":"https:\/\/unter-weissen-fluegeln.de\/index.php?rest_route=\/wp\/v2\/types\/post"}],"author":[{"embeddable":true,"href":"https:\/\/unter-weissen-fluegeln.de\/index.php?rest_route=\/wp\/v2\/users\/1"}],"replies":[{"embeddable":true,"href":"https:\/\/unter-weissen-fluegeln.de\/index.php?rest_route=%2Fwp%2Fv2%2Fcomments&post=1048"}],"version-history":[{"count":17,"href":"https:\/\/unter-weissen-fluegeln.de\/index.php?rest_route=\/wp\/v2\/posts\/1048\/revisions"}],"predecessor-version":[{"id":1480,"href":"https:\/\/unter-weissen-fluegeln.de\/index.php?rest_route=\/wp\/v2\/posts\/1048\/revisions\/1480"}],"wp:attachment":[{"href":"https:\/\/unter-weissen-fluegeln.de\/index.php?rest_route=%2Fwp%2Fv2%2Fmedia&parent=1048"}],"wp:term":[{"taxonomy":"category","embeddable":true,"href":"https:\/\/unter-weissen-fluegeln.de\/index.php?rest_route=%2Fwp%2Fv2%2Fcategories&post=1048"},{"taxonomy":"post_tag","embeddable":true,"href":"https:\/\/unter-weissen-fluegeln.de\/index.php?rest_route=%2Fwp%2Fv2%2Ftags&post=1048"}],"curies":[{"name":"wp","href":"https:\/\/api.w.org\/{rel}","templated":true}]}}